{"id":1705,"date":"2025-06-23T09:48:14","date_gmt":"2025-06-23T07:48:14","guid":{"rendered":"https:\/\/www.hannover-tourismus.de\/?p=1705"},"modified":"2026-02-03T10:02:31","modified_gmt":"2026-02-03T08:02:31","slug":"i%cc%87ki%cc%87-tekerlek-uezeri%cc%87nde-mutfak-bi%cc%87si%cc%87klet-turu-keyfi%cc%87","status":"publish","type":"post","link":"https:\/\/www.hannover-tourismus.de\/tr\/kulinarische-fahrradtour-genuss-auf-zwei-raedern\/","title":{"rendered":"Mutfak bisikleti turu - iki tekerlek \u00fczerinde keyif"},"content":{"rendered":"<div data-elementor-type=\"wp-post\" data-elementor-id=\"1705\" class=\"elementor elementor-1705\" data-elementor-post-type=\"post\">\n\t\t\t\t<div class=\"elementor-element elementor-element-76e4ed3 e-flex e-con-boxed e-con e-parent\" data-id=\"76e4ed3\" data-element_type=\"container\" data-e-type=\"container\">\n\t\t\t\t\t<div class=\"e-con-inner\">\n\t\t\t\t<div class=\"elementor-element elementor-element-65c63845 elementor-widget elementor-widget-text-editor\" data-id=\"65c63845\" data-element_type=\"widget\" data-e-type=\"widget\" data-widget_type=\"text-editor.default\">\n\t\t\t\t<div class=\"elementor-widget-container\">\n\t\t\t\t\t\t\t\t\t<p>Hannover'deki Mutfak Bisikleti Turu egzersiz, kentsel deneyim ve b\u00f6lgesel lezzetin ba\u015far\u0131l\u0131 bir kombinasyonunu sunuyor. Bu \u00f6zel tur sizi Hannover'in \u015fehir merkezi ve kom\u015fu il\u00e7elerinde yakla\u015f\u0131k 15 kilometre boyunca g\u00f6t\u00fcr\u00fcr - kaliteli i\u015f\u00e7ilik ve b\u00f6lgesel spesiyaliteleri temsil eden se\u00e7ilmi\u015f adreslerde durur. Bunun arkas\u0131ndaki fikir, bisikleti farkl\u0131 mutfak duraklar\u0131n\u0131 birbirine ba\u011flamak ve \u015fehir ve gastronomik \u00e7e\u015fitlili\u011fi hakk\u0131nda yeni \u015feyler \u00f6\u011frenmek i\u00e7in bir ula\u015f\u0131m arac\u0131 olarak kullanmakt\u0131r.<\/p><p>Mutfak Bisikleti Turu, duraklar\u0131 olan bir bisiklet rotas\u0131ndan \u00e7ok daha fazlas\u0131d\u0131r. Size b\u00f6lgesel mutfak k\u00fclt\u00fcr\u00fc hakk\u0131nda otantik bir fikir verir ve ayn\u0131 zamanda \u015fehri ke\u015ffetmek i\u00e7in rahat bir yol sunar.<\/p><h2 data-start=\"2336\" data-end=\"2382\">Y\u00f6nlendirme, organizasyon ve kat\u0131l\u0131m<\/h2><p data-start=\"2384\" data-end=\"2750\">Tur yakla\u015f\u0131k 15 kilometre uzunlu\u011fundad\u0131r ve kal\u0131\u015f s\u00fcresine ve grup b\u00fcy\u00fckl\u00fc\u011f\u00fcne ba\u011fl\u0131 olarak \u00fc\u00e7 ila d\u00f6rt saatte kolayca tamamlanabilir. Rota \u00e7o\u011funlukla d\u00fczd\u00fcr ve bisiklet yollar\u0131 boyunca ve trafi\u011fe kapal\u0131 alanlardan ge\u00e7mektedir. Keyif ve aktiviteyi birle\u015ftirmek isteyen bo\u015f zaman bisiklet\u00e7ileri, gruplar ve \u00e7iftler i\u00e7in uygundur.<\/p>\t\t\t\t\t\t\t\t<\/div>\n\t\t\t\t<\/div>\n\t\t\t\t\t<\/div>\n\t\t\t\t<\/div>\n\t\t<div class=\"elementor-element elementor-element-470773dc e-flex e-con-boxed e-con e-parent\" data-id=\"470773dc\" data-element_type=\"container\" data-e-type=\"container\">\n\t\t\t\t\t<div class=\"e-con-inner\">\n\t\t\t\t<div class=\"elementor-element elementor-element-784deb81 elementor-widget elementor-widget-html\" data-id=\"784deb81\" data-element_type=\"widget\" data-e-type=\"widget\" data-widget_type=\"html.default\">\n\t\t\t\t<div class=\"elementor-widget-container\">\n\t\t\t\t\t    <script>\n      window.TWEBSHOP = {\n        config: 'Hannover_nds',\n        theme: {\n          sticky: {\n            offset: 80,\n            zIndex: 1\n          }\n        }\n      }\n    <\/script>\n    <style>\n        #twebshop {\n             --tw-button-color: #0F5498 ;\n            --tw-button-text-color: #ffff ;\n            --tw-button-price-color: #0F5498 ;\n            --tw-button-price-text-color: #0F5498 ;\n            --tw-box-color: #0F5498 ;\n            --tw-box-text-color: #fff;\n            --tw-booking-color: #0F5498 ;\n            --tw-booking-text-color: #fff;\n        }<\/style>\n                                                                                                        <tws-experience-widget\n                        data-id=\"NDS00020140291977074\"><\/tws-experience-widget>\n                                    <script src=https:\/\/twebshop.tomas-travel.com\/app\/twebshop\/widget\/app.js><\/script>\n    \n\t\t\t\t<\/div>\n\t\t\t\t<\/div>\n\t\t\t\t\t<\/div>\n\t\t\t\t<\/div>\n\t\t<div class=\"elementor-element elementor-element-19f7e624 e-flex e-con-boxed e-con e-parent\" data-id=\"19f7e624\" data-element_type=\"container\" data-e-type=\"container\">\n\t\t\t\t\t<div class=\"e-con-inner\">\n\t\t\t\t<div class=\"elementor-element elementor-element-3699124e elementor-widget elementor-widget-text-editor\" data-id=\"3699124e\" data-element_type=\"widget\" data-e-type=\"widget\" data-widget_type=\"text-editor.default\">\n\t\t\t\t<div class=\"elementor-widget-container\">\n\t\t\t\t\t\t\t\t\t<h2 class=\"header-h2 emark standard\">Tur hakk\u0131nda bilgi<\/h2><div class=\"table-responsive\"><table class=\"table table-bordered table-striped\"><tbody><tr><td>Tarihler:<\/td><td><p class=\"emark\"><strong>Mart Ortas\u0131 - Ekim<\/strong><\/p><p class=\"emark\">her cumartesi<br \/>her ay\u0131n 1. ve 4. Pazar g\u00fcnleri<br \/>her ay\u0131n 2. + 3. Cuma g\u00fcnleri (Nisan - Eyl\u00fcl)<br \/>(resmi tatiller hari\u00e7)<\/p><\/td><\/tr><tr><td>Ba\u015fla:<\/td><td><p class=\"emark\">Cuma g\u00fcnleri: 16:30<br \/>Cumartesi ve Pazar g\u00fcnleri: 11:00<\/p><\/td><\/tr><tr><td>S\u00fcre:<\/td><td><p class=\"emark\">yakla\u015f\u0131k 4 - 4,5 saat<\/p><\/td><\/tr><tr><td>Bulu\u015fma noktas\u0131:<\/td><td>Ernst-August-Platz'daki Turizm Dan\u0131\u015fma Merkezi<\/td><\/tr><tr><td>Fiyatlar:<\/td><td><p class=\"emark\">46 \u20ac kendi bisikletinizle<br \/>56 \u20ac bisiklet kiralama dahil<br \/>65 \u20ac e-bisiklet dahil<\/p><\/td><\/tr><tr><td>Dil:<\/td><td><p class=\"emark\">Alman<\/p><\/td><\/tr><tr><td><p class=\"emark\">Tad\u0131m \u00f6rnekleri:<\/p><\/td><td><p class=\"emark\">Se\u00e7ilen 4 istasyonda (tatl\u0131 ve tuzlu yiyecekler veya i\u00e7ecekler)<\/p><p><u>G\u0131da k\u0131s\u0131tlamalar\u0131<\/u>Bu tur ne yaz\u0131k ki g\u0131da intolerans\u0131 olan ki\u015filer veya veganlar i\u00e7in uygun de\u011fildir.<br \/><u>Tavsiye<\/u>: Turda yan\u0131n\u0131za k\u00fc\u00e7\u00fck bir i\u00e7ecek al\u0131n.<\/p><\/td><\/tr><\/tbody><\/table><\/div><div class=\"table-responsive\">\u00a0<\/div>\t\t\t\t\t\t\t\t<\/div>\n\t\t\t\t<\/div>\n\t\t\t\t\t<\/div>\n\t\t\t\t<\/div>\n\t\t<div class=\"elementor-element elementor-element-33aeb29b e-flex e-con-boxed e-con e-parent\" data-id=\"33aeb29b\" data-element_type=\"container\" data-e-type=\"container\">\n\t\t\t\t\t<div class=\"e-con-inner\">\n\t\t\t\t<div class=\"elementor-element elementor-element-266ffa0f elementor-align-center elementor-widget elementor-widget-button\" data-id=\"266ffa0f\" data-element_type=\"widget\" data-e-type=\"widget\" data-widget_type=\"button.default\">\n\t\t\t\t<div class=\"elementor-widget-container\">\n\t\t\t\t\t\t\t\t\t<div class=\"elementor-button-wrapper\">\n\t\t\t\t\t<a class=\"elementor-button elementor-button-link elementor-size-sm\" href=\"https:\/\/datenhub-hannover.de\/anmeldeformular-herrenhaeuser-gaerten-1\/\" target=\"_blank\" rel=\"noopener\">\n\t\t\t\t\t\t<span class=\"elementor-button-content-wrapper\">\n\t\t\t\t\t\t\t\t\t<span class=\"elementor-button-text\">Kay\u0131t ve rezervasyon<\/span>\n\t\t\t\t\t<\/span>\n\t\t\t\t\t<\/a>\n\t\t\t\t<\/div>\n\t\t\t\t\t\t\t\t<\/div>\n\t\t\t\t<\/div>\n\t\t<div class=\"elementor-element elementor-element-331f3e9c e-grid e-con-full e-con e-child\" data-id=\"331f3e9c\" data-element_type=\"container\" data-e-type=\"container\">\n\t\t\t\t<div class=\"elementor-element elementor-element-46d8fe77 elementor-widget elementor-widget-image\" data-id=\"46d8fe77\" data-element_type=\"widget\" data-e-type=\"widget\" data-widget_type=\"image.default\">\n\t\t\t\t<div class=\"elementor-widget-container\">\n\t\t\t\t\t\t\t\t\t\t\t\t\t\t\t<img fetchpriority=\"high\" decoding=\"async\" width=\"800\" height=\"519\" src=\"https:\/\/www.hannover-tourismus.de\/wp-content\/uploads\/2025\/06\/Maschsee-Lars-Gerhardts-1-1024x664.jpg\" class=\"attachment-large size-large wp-image-1107\" alt=\"Havadan g\u00f6r\u00fcn\u00fcm\" srcset=\"https:\/\/www.hannover-tourismus.de\/wp-content\/uploads\/2025\/06\/Maschsee-Lars-Gerhardts-1-1024x664.jpg 1024w, https:\/\/www.hannover-tourismus.de\/wp-content\/uploads\/2025\/06\/Maschsee-Lars-Gerhardts-1-300x195.jpg 300w, https:\/\/www.hannover-tourismus.de\/wp-content\/uploads\/2025\/06\/Maschsee-Lars-Gerhardts-1-768x498.jpg 768w, https:\/\/www.hannover-tourismus.de\/wp-content\/uploads\/2025\/06\/Maschsee-Lars-Gerhardts-1-1536x996.jpg 1536w, https:\/\/www.hannover-tourismus.de\/wp-content\/uploads\/2025\/06\/Maschsee-Lars-Gerhardts-1-18x12.jpg 18w, https:\/\/www.hannover-tourismus.de\/wp-content\/uploads\/2025\/06\/Maschsee-Lars-Gerhardts-1.jpg 1920w\" sizes=\"(max-width: 800px) 100vw, 800px\" \/>\t\t\t\t\t\t\t\t\t\t\t\t\t\t\t<\/div>\n\t\t\t\t<\/div>\n\t\t\t\t<div class=\"elementor-element elementor-element-38e3f99e elementor-widget elementor-widget-image\" data-id=\"38e3f99e\" data-element_type=\"widget\" data-e-type=\"widget\" data-widget_type=\"image.default\">\n\t\t\t\t<div class=\"elementor-widget-container\">\n\t\t\t\t\t\t\t\t\t\t\t\t\t\t\t<img decoding=\"async\" src=\"https:\/\/www.hannover-tourismus.de\/wp-content\/uploads\/2025\/06\/Hannover_Living_Rathaus-1024x688-1.jpg\" title=\"\" alt=\"\" loading=\"lazy\" \/>\t\t\t\t\t\t\t\t\t\t\t\t\t\t\t<\/div>\n\t\t\t\t<\/div>\n\t\t\t\t<div class=\"elementor-element elementor-element-7c2c4d3c elementor-widget elementor-widget-image\" data-id=\"7c2c4d3c\" data-element_type=\"widget\" data-e-type=\"widget\" data-widget_type=\"image.default\">\n\t\t\t\t<div class=\"elementor-widget-container\">\n\t\t\t\t\t\t\t\t\t\t\t\t\t\t\t<img decoding=\"async\" width=\"800\" height=\"532\" src=\"https:\/\/www.hannover-tourismus.de\/wp-content\/uploads\/2025\/06\/Radfahren-in-Hannover_Sebastian-Gerhard-24-1024x681.jpg\" class=\"attachment-large size-large wp-image-1099\" alt=\"Hanover&#039;de bisiklet s\u00fcrmek\" srcset=\"https:\/\/www.hannover-tourismus.de\/wp-content\/uploads\/2025\/06\/Radfahren-in-Hannover_Sebastian-Gerhard-24-1024x681.jpg 1024w, https:\/\/www.hannover-tourismus.de\/wp-content\/uploads\/2025\/06\/Radfahren-in-Hannover_Sebastian-Gerhard-24-300x200.jpg 300w, https:\/\/www.hannover-tourismus.de\/wp-content\/uploads\/2025\/06\/Radfahren-in-Hannover_Sebastian-Gerhard-24-768x511.jpg 768w, https:\/\/www.hannover-tourismus.de\/wp-content\/uploads\/2025\/06\/Radfahren-in-Hannover_Sebastian-Gerhard-24-1536x1022.jpg 1536w, https:\/\/www.hannover-tourismus.de\/wp-content\/uploads\/2025\/06\/Radfahren-in-Hannover_Sebastian-Gerhard-24-scaled.jpg 1920w, https:\/\/www.hannover-tourismus.de\/wp-content\/uploads\/2025\/06\/Radfahren-in-Hannover_Sebastian-Gerhard-24-18x12.jpg 18w\" sizes=\"(max-width: 800px) 100vw, 800px\" \/>\t\t\t\t\t\t\t\t\t\t\t\t\t\t\t<\/div>\n\t\t\t\t<\/div>\n\t\t\t\t<div class=\"elementor-element elementor-element-6811b1a1 elementor-widget elementor-widget-image\" data-id=\"6811b1a1\" data-element_type=\"widget\" data-e-type=\"widget\" data-widget_type=\"image.default\">\n\t\t\t\t<div class=\"elementor-widget-container\">\n\t\t\t\t\t\t\t\t\t\t\t\t\t\t\t<img decoding=\"async\" width=\"800\" height=\"593\" src=\"https:\/\/www.hannover-tourismus.de\/wp-content\/uploads\/2025\/06\/Grosser-Garten-Luft-2022_Lars-Gerhardts_kleiner-1024x759.jpg\" class=\"attachment-large size-large wp-image-35\" alt=\"Hanover&#039;in B\u00fcy\u00fck Bah\u00e7esi&#039;ndeki etkileyici barok bah\u00e7e, sanatsal bir \u015fekilde tasarlanm\u0131\u015f \u00e7i\u00e7ek tarhlar\u0131 ve.\" srcset=\"https:\/\/www.hannover-tourismus.de\/wp-content\/uploads\/2025\/06\/Grosser-Garten-Luft-2022_Lars-Gerhardts_kleiner-1024x759.jpg 1024w, https:\/\/www.hannover-tourismus.de\/wp-content\/uploads\/2025\/06\/Grosser-Garten-Luft-2022_Lars-Gerhardts_kleiner-300x222.jpg 300w, https:\/\/www.hannover-tourismus.de\/wp-content\/uploads\/2025\/06\/Grosser-Garten-Luft-2022_Lars-Gerhardts_kleiner-768x569.jpg 768w, https:\/\/www.hannover-tourismus.de\/wp-content\/uploads\/2025\/06\/Grosser-Garten-Luft-2022_Lars-Gerhardts_kleiner-1536x1139.jpg 1536w, https:\/\/www.hannover-tourismus.de\/wp-content\/uploads\/2025\/06\/Grosser-Garten-Luft-2022_Lars-Gerhardts_kleiner.jpg 1920w\" sizes=\"(max-width: 800px) 100vw, 800px\" \/>\t\t\t\t\t\t\t\t\t\t\t\t\t\t\t<\/div>\n\t\t\t\t<\/div>\n\t\t\t\t<\/div>\n\t\t\t\t\t<\/div>\n\t\t\t\t<\/div>\n\t\t<div class=\"elementor-element elementor-element-643f922c e-grid e-con-boxed e-con e-parent\" data-id=\"643f922c\" data-element_type=\"container\" data-e-type=\"container\">\n\t\t\t\t\t<div class=\"e-con-inner\">\n\t\t\t\t<div class=\"elementor-element elementor-element-49f102b2 elementor-cta--skin-classic elementor-animated-content elementor-bg-transform elementor-bg-transform-zoom-in elementor-widget elementor-widget-call-to-action\" data-id=\"49f102b2\" data-element_type=\"widget\" data-e-type=\"widget\" data-isc-images=\"293\" data-widget_type=\"call-to-action.default\">\n\t\t\t\t<div class=\"elementor-widget-container\">\n\t\t\t\t\t\t\t<div class=\"elementor-cta\">\n\t\t\t\t\t<div class=\"elementor-cta__bg-wrapper\">\n\t\t\t\t<div class=\"elementor-cta__bg elementor-bg\" style=\"background-image: url(https:\/\/www.hannover-tourismus.de\/wp-content\/uploads\/2025\/06\/Gemini_Generated_Image_f8ushnf8ushnf8us-1024x1024.jpg);\" role=\"img\" aria-label=\"Masan\u0131n \u00fczerinde ka\u011f\u0131t y\u0131\u011f\u0131nlar\u0131, ofis i\u015fleri, belgeler.\"><\/div>\n\t\t\t\t<div class=\"elementor-cta__bg-overlay\"><\/div>\n\t\t\t<\/div>\n\t\t\t\t\t\t\t<div class=\"elementor-cta__content\">\n\t\t\t\t\n\t\t\t\t\t\t\t\t\t<h2 class=\"elementor-cta__title elementor-cta__content-item elementor-content-item\">\n\t\t\t\t\t\tGTC\t\t\t\t\t<\/h2>\n\t\t\t\t\n\t\t\t\t\t\t\t\t\t<div class=\"elementor-cta__description elementor-cta__content-item elementor-content-item\">\n\t\t\t\t\t\tRehberli turlar\t\t\t\t\t<\/div>\n\t\t\t\t\n\t\t\t\t\t\t\t\t\t<div class=\"elementor-cta__button-wrapper elementor-cta__content-item elementor-content-item\">\n\t\t\t\t\t<a class=\"elementor-cta__button elementor-button elementor-size-\" href=\"https:\/\/datenhub-hannover.de\/agb_einzel_und_gruppenfuehrungen_abnov24\/\" target=\"_blank\" rel=\"noopener\">\n\t\t\t\t\t\tBuraya t\u0131klay\u0131n\t\t\t\t\t<\/a>\n\t\t\t\t\t<\/div>\n\t\t\t\t\t\t\t<\/div>\n\t\t\t\t\t\t<\/div>\n\t\t\t\t\t\t<\/div>\n\t\t\t\t<\/div>\n\t\t\t\t<div class=\"elementor-element elementor-element-670b058e elementor-cta--skin-classic elementor-animated-content elementor-bg-transform elementor-bg-transform-zoom-in elementor-widget elementor-widget-call-to-action\" data-id=\"670b058e\" data-element_type=\"widget\" data-e-type=\"widget\" data-isc-images=\"295\" data-widget_type=\"call-to-action.default\">\n\t\t\t\t<div class=\"elementor-widget-container\">\n\t\t\t\t\t\t\t<div class=\"elementor-cta\">\n\t\t\t\t\t<div class=\"elementor-cta__bg-wrapper\">\n\t\t\t\t<div class=\"elementor-cta__bg elementor-bg\" style=\"background-image: url(https:\/\/www.hannover-tourismus.de\/wp-content\/uploads\/2025\/06\/Gemini_Generated_Image_xy94gtxy94gtxy94-1024x1024.jpg);\" role=\"img\" aria-label=\"Almanya&#039;n\u0131n Hannover kentinde \u015fehirde dola\u015fan bir grup gen\u00e7.\"><\/div>\n\t\t\t\t<div class=\"elementor-cta__bg-overlay\"><\/div>\n\t\t\t<\/div>\n\t\t\t\t\t\t\t<div class=\"elementor-cta__content\">\n\t\t\t\t\n\t\t\t\t\t\t\t\t\t<h2 class=\"elementor-cta__title elementor-cta__content-item elementor-content-item\">\n\t\t\t\t\t\tGruplar\t\t\t\t\t<\/h2>\n\t\t\t\t\n\t\t\t\t\t\t\t\t\t<div class=\"elementor-cta__description elementor-cta__content-item elementor-content-item\">\n\t\t\t\t\t\tT\u00fcm turlar \t\t\t\t\t<\/div>\n\t\t\t\t\n\t\t\t\t\t\t\t\t\t<div class=\"elementor-cta__button-wrapper elementor-cta__content-item elementor-content-item\">\n\t\t\t\t\t<a class=\"elementor-cta__button elementor-button elementor-size-\" href=\"https:\/\/www.hannover-tourismus.de\/tr\/grup-turlari\/\">\n\t\t\t\t\t\tBuraya t\u0131klay\u0131n\t\t\t\t\t<\/a>\n\t\t\t\t\t<\/div>\n\t\t\t\t\t\t\t<\/div>\n\t\t\t\t\t\t<\/div>\n\t\t\t\t\t\t<\/div>\n\t\t\t\t<\/div>\n\t\t\t\t<div class=\"elementor-element elementor-element-3b6c1d84 elementor-cta--skin-classic elementor-animated-content elementor-bg-transform elementor-bg-transform-zoom-in elementor-widget elementor-widget-call-to-action\" data-id=\"3b6c1d84\" data-element_type=\"widget\" data-e-type=\"widget\" data-isc-images=\"297\" data-widget_type=\"call-to-action.default\">\n\t\t\t\t<div class=\"elementor-widget-container\">\n\t\t\t\t\t\t\t<div class=\"elementor-cta\">\n\t\t\t\t\t<div class=\"elementor-cta__bg-wrapper\">\n\t\t\t\t<div class=\"elementor-cta__bg elementor-bg\" style=\"background-image: url(https:\/\/www.hannover-tourismus.de\/wp-content\/uploads\/2025\/06\/Gemini_Generated_Image_61gb1261gb1261gb-1024x1024.jpg);\" role=\"img\" aria-label=\"\u00c7a\u011fr\u0131 merkezinde kulakl\u0131kl\u0131 adam, m\u00fc\u015fteri hizmetleri, tavsiye.\"><\/div>\n\t\t\t\t<div class=\"elementor-cta__bg-overlay\"><\/div>\n\t\t\t<\/div>\n\t\t\t\t\t\t\t<div class=\"elementor-cta__content\">\n\t\t\t\t\n\t\t\t\t\t\t\t\t\t<h2 class=\"elementor-cta__title elementor-cta__content-item elementor-content-item\">\n\t\t\t\t\t\tBize ula\u015f\u0131n\t\t\t\t\t<\/h2>\n\t\t\t\t\n\t\t\t\t\t\t\t\t\t<div class=\"elementor-cta__description elementor-cta__content-item elementor-content-item\">\n\t\t\t\t\t\t\u015eehir gezisi ekibi\t\t\t\t\t<\/div>\n\t\t\t\t\n\t\t\t\t\t\t\t\t\t<div class=\"elementor-cta__button-wrapper elementor-cta__content-item elementor-content-item\">\n\t\t\t\t\t<a class=\"elementor-cta__button elementor-button elementor-size-\" href=\"https:\/\/www.hannover-tourismus.de\/tr\/takim-staedtereise\/\">\n\t\t\t\t\t\tBuraya t\u0131klay\u0131n\t\t\t\t\t<\/a>\n\t\t\t\t\t<\/div>\n\t\t\t\t\t\t\t<\/div>\n\t\t\t\t\t\t<\/div>\n\t\t\t\t\t\t<\/div>\n\t\t\t\t<\/div>\n\t\t\t\t\t<\/div>\n\t\t\t\t<\/div>\n\t\t\t\t<\/div>","protected":false},"excerpt":{"rendered":"<p>Die Kulinarische Fahrradtour in Hannover bietet eine gelungene Verbindung aus Bewegung, Stadterlebnis und regionalem Geschmack. Auf rund 15 Kilometern f\u00fchrt Euch diese besondere Tour durch Hannovers Innenstadt und angrenzende Viertel \u2013 mit Stopps an ausgew\u00e4hlten Adressen, die f\u00fcr handwerkliche Qualit\u00e4t und regionale Spezialit\u00e4ten stehen. Die Idee dahinter: das Fahrrad als Transportmittel nutzen, um verschiedene kulinarische [&hellip;]<\/p>\n","protected":false},"author":2,"featured_media":1099,"comment_status":"open","ping_status":"open","sticky":false,"template":"","format":"standard","meta":{"footnotes":""},"categories":[87],"tags":[20,21],"class_list":["post-1705","post","type-post","status-publish","format-standard","has-post-thumbnail","hentry","category-oeffentliche-stadttouren","tag-fuehrung","tag-stadttour"],"_links":{"self":[{"href":"https:\/\/www.hannover-tourismus.de\/tr\/wp-json\/wp\/v2\/posts\/1705","targetHints":{"allow":["GET"]}}],"collection":[{"href":"https:\/\/www.hannover-tourismus.de\/tr\/wp-json\/wp\/v2\/posts"}],"about":[{"href":"https:\/\/www.hannover-tourismus.de\/tr\/wp-json\/wp\/v2\/types\/post"}],"author":[{"embeddable":true,"href":"https:\/\/www.hannover-tourismus.de\/tr\/wp-json\/wp\/v2\/users\/2"}],"replies":[{"embeddable":true,"href":"https:\/\/www.hannover-tourismus.de\/tr\/wp-json\/wp\/v2\/comments?post=1705"}],"version-history":[{"count":10,"href":"https:\/\/www.hannover-tourismus.de\/tr\/wp-json\/wp\/v2\/posts\/1705\/revisions"}],"predecessor-version":[{"id":5551,"href":"https:\/\/www.hannover-tourismus.de\/tr\/wp-json\/wp\/v2\/posts\/1705\/revisions\/5551"}],"wp:featuredmedia":[{"embeddable":true,"href":"https:\/\/www.hannover-tourismus.de\/tr\/wp-json\/wp\/v2\/media\/1099"}],"wp:attachment":[{"href":"https:\/\/www.hannover-tourismus.de\/tr\/wp-json\/wp\/v2\/media?parent=1705"}],"wp:term":[{"taxonomy":"category","embeddable":true,"href":"https:\/\/www.hannover-tourismus.de\/tr\/wp-json\/wp\/v2\/categories?post=1705"},{"taxonomy":"post_tag","embeddable":true,"href":"https:\/\/www.hannover-tourismus.de\/tr\/wp-json\/wp\/v2\/tags?post=1705"}],"curies":[{"name":"wp","href":"https:\/\/api.w.org\/{rel}","templated":true}]}}