{"id":1105,"date":"2025-06-20T12:31:04","date_gmt":"2025-06-20T10:31:04","guid":{"rendered":"https:\/\/www.hannover-tourismus.de\/?p=1105"},"modified":"2025-09-01T12:47:24","modified_gmt":"2025-09-01T10:47:24","slug":"paket-med-oevernattning-foer-semestern-hannoverleben","status":"publish","type":"post","link":"https:\/\/www.hannover-tourismus.de\/sv\/uebernachtungspaket-fuer-die-feiertage-hannoverleben\/","title":{"rendered":"Paket \u00f6ver natten f\u00f6r semestern: \"Hannov(er)leben\""},"content":{"rendered":"<div data-elementor-type=\"wp-post\" data-elementor-id=\"1105\" class=\"elementor elementor-1105\" data-elementor-post-type=\"post\">\n\t\t\t\t<div class=\"elementor-element elementor-element-495fde0f e-flex e-con-boxed e-con e-parent\" data-id=\"495fde0f\" data-element_type=\"container\" data-e-type=\"container\">\n\t\t\t\t\t<div class=\"e-con-inner\">\n\t\t\t\t<div class=\"elementor-element elementor-element-112d024a elementor-widget elementor-widget-text-editor\" data-id=\"112d024a\" data-element_type=\"widget\" data-e-type=\"widget\" data-widget_type=\"text-editor.default\">\n\t\t\t\t<div class=\"elementor-widget-container\">\n\t\t\t\t\t\t\t\t\t<div class=\"elementor-element elementor-element-8ce7f4c elementor-widget elementor-widget-text-editor\" data-id=\"8ce7f4c\" data-element_type=\"widget\" data-widget_type=\"text-editor.default\"><div class=\"elementor-widget-container\"><p data-start=\"452\" data-end=\"862\">\u00d6vernattningspaketet f\u00f6r semestern kombinerar en elegant \u00f6vernattning, avkopplande dagar och attraktiva programpunkter i Hannover. Perfekt f\u00f6r par och individuella resen\u00e4rer som vill ha en medveten paus under en l\u00e5nghelg. Som en del av helgspecialerna f\u00e5r du uppleva ett varierat program med njutning, kultur och avkoppling.<\/p><h3 data-start=\"864\" data-end=\"904\">Sk\u00f6nt boende f\u00f6r semesters\u00e4songen<\/h3><p data-start=\"906\" data-end=\"1312\">I paketet ing\u00e5r tv\u00e5 n\u00e4tters boende p\u00e5 ett centralt bel\u00e4get hotell som ligger inom bekv\u00e4mt avst\u00e5nd fr\u00e5n caf\u00e9er, kyrkor, parker och sev\u00e4rdheter - allt inom g\u00e5ng- eller cykelavst\u00e5nd.<\/p><\/div><\/div>\t\t\t\t\t\t\t\t<\/div>\n\t\t\t\t<\/div>\n\t\t\t\t\t<\/div>\n\t\t\t\t<\/div>\n\t\t<div class=\"elementor-element elementor-element-56ce0661 e-flex e-con-boxed e-con e-parent\" data-id=\"56ce0661\" data-element_type=\"container\" data-e-type=\"container\">\n\t\t\t\t\t<div class=\"e-con-inner\">\n\t\t\t\t<div class=\"elementor-element elementor-element-7de72126 elementor-widget elementor-widget-text-editor\" data-id=\"7de72126\" data-element_type=\"widget\" data-e-type=\"widget\" data-widget_type=\"text-editor.default\">\n\t\t\t\t<div class=\"elementor-widget-container\">\n\t\t\t\t\t\t\t\t\t<h2 class=\"header-h1 emark standard\">I upplevelsepaketet ing\u00e5r<\/h2><p>- 2 n\u00e4tter i dubbelrum eller enkelrum inkl. frukost p\u00e5 4**** Hotel<br \/>- HannoverCard turist f\u00f6r 3 dagar (t.ex. f\u00f6r anv\u00e4ndning av kollektivtrafik)<br \/>- Biljett till \u00e5kturen i den v\u00e4lvda hissen till kupolen p\u00e5 Nya stadshuset<br \/>- Komplett karta(r) Herrenhausen Gardens<br \/>- Deltagande i den offentliga guidade turen i Stora tr\u00e4dg\u00e5rden (l\u00f6rdagar eller s\u00f6ndagar)<\/p>\t\t\t\t\t\t\t\t<\/div>\n\t\t\t\t<\/div>\n\t\t\t\t\t<\/div>\n\t\t\t\t<\/div>\n\t\t<div class=\"elementor-element elementor-element-7c22c0ff e-flex e-con-boxed e-con e-parent\" data-id=\"7c22c0ff\" data-element_type=\"container\" data-e-type=\"container\">\n\t\t\t\t\t<div class=\"e-con-inner\">\n\t\t\t\t<div class=\"elementor-element elementor-element-26f780de elementor-align-justify elementor-widget elementor-widget-button\" data-id=\"26f780de\" data-element_type=\"widget\" data-e-type=\"widget\" data-widget_type=\"button.default\">\n\t\t\t\t<div class=\"elementor-widget-container\">\n\t\t\t\t\t\t\t\t\t<div class=\"elementor-button-wrapper\">\n\t\t\t\t\t<a class=\"elementor-button elementor-button-link elementor-size-sm\" href=\"https:\/\/welcome.visit-hannover.com\/Hanpauschale\/package\/detail1\/NDS00020140008454420\" target=\"_blank\" rel=\"noopener\">\n\t\t\t\t\t\t<span class=\"elementor-button-content-wrapper\">\n\t\t\t\t\t\t\t\t\t<span class=\"elementor-button-text\">Fr\u00e5ga online nu<\/span>\n\t\t\t\t\t<\/span>\n\t\t\t\t\t<\/a>\n\t\t\t\t<\/div>\n\t\t\t\t\t\t\t\t<\/div>\n\t\t\t\t<\/div>\n\t\t\t\t\t<\/div>\n\t\t\t\t<\/div>\n\t\t<div class=\"elementor-element elementor-element-5564e31e e-flex e-con-boxed e-con e-parent\" data-id=\"5564e31e\" data-element_type=\"container\" data-e-type=\"container\">\n\t\t\t\t\t<div class=\"e-con-inner\">\n\t\t\t\t<div class=\"elementor-element elementor-element-61f3c46b elementor-widget elementor-widget-text-editor\" data-id=\"61f3c46b\" data-element_type=\"widget\" data-e-type=\"widget\" data-widget_type=\"text-editor.default\">\n\t\t\t\t<div class=\"elementor-widget-container\">\n\t\t\t\t\t\t\t\t\t<h2 class=\"header-h2 standard\">Information och bokning:<\/h2><div class=\"table-responsive\"><table class=\"table table-bordered table-striped\"><tbody><tr><td><p>Bokningsbar:<\/p><\/td><td class=\"emark\"><p class=\"emark\">02.10.-05.10.2025 (3 oktober)<br \/>30.10.-02.11.2024 (Reformationstag)<\/p><\/td><\/tr><tr><td><p>Priserna:<\/p><\/td><td><p class=\"emark\">205,00 \u20ac per person i dubbelrum<br \/>305,00 \u20ac per person i enkelrum<\/p><\/td><\/tr><\/tbody><\/table><\/div>\t\t\t\t\t\t\t\t<\/div>\n\t\t\t\t<\/div>\n\t\t\t\t\t<\/div>\n\t\t\t\t<\/div>\n\t\t<div class=\"elementor-element elementor-element-3db9f4d e-grid e-con-boxed e-con e-parent\" data-id=\"3db9f4d\" data-element_type=\"container\" data-e-type=\"container\">\n\t\t\t\t\t<div class=\"e-con-inner\">\n\t\t\t\t<div class=\"elementor-element elementor-element-26beaa58 elementor-widget elementor-widget-image\" data-id=\"26beaa58\" data-element_type=\"widget\" data-e-type=\"widget\" data-widget_type=\"image.default\">\n\t\t\t\t<div class=\"elementor-widget-container\">\n\t\t\t\t\t\t\t\t\t\t\t\t\t\t\t<img fetchpriority=\"high\" decoding=\"async\" width=\"800\" height=\"600\" src=\"https:\/\/www.hannover-tourismus.de\/wp-content\/uploads\/2025\/06\/Kunst-im-oeffentlichen-Raum-Axel-Heise-2-1024x768.jpg\" class=\"attachment-large size-large wp-image-291\" alt=\"Hannovers r\u00e5dhus med skulptur i f\u00f6rgrunden, historisk arkitektur och gr\u00f6na tr\u00e4d, solig dag.\" srcset=\"https:\/\/www.hannover-tourismus.de\/wp-content\/uploads\/2025\/06\/Kunst-im-oeffentlichen-Raum-Axel-Heise-2-1024x768.jpg 1024w, https:\/\/www.hannover-tourismus.de\/wp-content\/uploads\/2025\/06\/Kunst-im-oeffentlichen-Raum-Axel-Heise-2-300x225.jpg 300w, https:\/\/www.hannover-tourismus.de\/wp-content\/uploads\/2025\/06\/Kunst-im-oeffentlichen-Raum-Axel-Heise-2-768x576.jpg 768w, https:\/\/www.hannover-tourismus.de\/wp-content\/uploads\/2025\/06\/Kunst-im-oeffentlichen-Raum-Axel-Heise-2-1536x1152.jpg 1536w, https:\/\/www.hannover-tourismus.de\/wp-content\/uploads\/2025\/06\/Kunst-im-oeffentlichen-Raum-Axel-Heise-2-16x12.jpg 16w, https:\/\/www.hannover-tourismus.de\/wp-content\/uploads\/2025\/06\/Kunst-im-oeffentlichen-Raum-Axel-Heise-2.jpg 1920w\" sizes=\"(max-width: 800px) 100vw, 800px\" \/>\t\t\t\t\t\t\t\t\t\t\t\t\t\t\t<\/div>\n\t\t\t\t<\/div>\n\t\t\t\t<div class=\"elementor-element elementor-element-781da86d elementor-widget elementor-widget-image\" data-id=\"781da86d\" data-element_type=\"widget\" data-e-type=\"widget\" data-widget_type=\"image.default\">\n\t\t\t\t<div class=\"elementor-widget-container\">\n\t\t\t\t\t\t\t\t\t\t\t\t\t\t\t<img decoding=\"async\" width=\"1920\" height=\"1280\" src=\"https:\/\/www.hannover-tourismus.de\/wp-content\/uploads\/2025\/06\/Ausblick-von-der-Rathauskuppel-Christian-Wyrwa-1-2048x1365.jpg\" class=\"attachment-2048x2048 size-2048x2048 wp-image-1110\" alt=\"Hannover Panorama med flod, stad och gr\u00f6na parker, perfekt f\u00f6r paketresor med \u00f6vernattning.\" srcset=\"https:\/\/www.hannover-tourismus.de\/wp-content\/uploads\/2025\/06\/Ausblick-von-der-Rathauskuppel-Christian-Wyrwa-1-scaled.jpg 1920w, https:\/\/www.hannover-tourismus.de\/wp-content\/uploads\/2025\/06\/Ausblick-von-der-Rathauskuppel-Christian-Wyrwa-1-300x200.jpg 300w, https:\/\/www.hannover-tourismus.de\/wp-content\/uploads\/2025\/06\/Ausblick-von-der-Rathauskuppel-Christian-Wyrwa-1-1024x683.jpg 1024w, https:\/\/www.hannover-tourismus.de\/wp-content\/uploads\/2025\/06\/Ausblick-von-der-Rathauskuppel-Christian-Wyrwa-1-768x512.jpg 768w, https:\/\/www.hannover-tourismus.de\/wp-content\/uploads\/2025\/06\/Ausblick-von-der-Rathauskuppel-Christian-Wyrwa-1-1536x1024.jpg 1536w, https:\/\/www.hannover-tourismus.de\/wp-content\/uploads\/2025\/06\/Ausblick-von-der-Rathauskuppel-Christian-Wyrwa-1-18x12.jpg 18w\" sizes=\"(max-width: 1920px) 100vw, 1920px\" \/>\t\t\t\t\t\t\t\t\t\t\t\t\t\t\t<\/div>\n\t\t\t\t<\/div>\n\t\t\t\t<div class=\"elementor-element elementor-element-44a47911 elementor-widget elementor-widget-image\" data-id=\"44a47911\" data-element_type=\"widget\" data-e-type=\"widget\" data-widget_type=\"image.default\">\n\t\t\t\t<div class=\"elementor-widget-container\">\n\t\t\t\t\t\t\t\t\t\t\t\t\t\t\t<img decoding=\"async\" width=\"800\" height=\"600\" src=\"https:\/\/www.hannover-tourismus.de\/wp-content\/uploads\/2025\/06\/Herrenhausen_klein-1024x768.jpg\" class=\"attachment-large size-large wp-image-212\" alt=\"Vacker slottstr\u00e4dg\u00e5rd i Hannover med font\u00e4ner och v\u00e4lsk\u00f6tta blomsterrabatter.\" srcset=\"https:\/\/www.hannover-tourismus.de\/wp-content\/uploads\/2025\/06\/Herrenhausen_klein-1024x768.jpg 1024w, https:\/\/www.hannover-tourismus.de\/wp-content\/uploads\/2025\/06\/Herrenhausen_klein-300x225.jpg 300w, https:\/\/www.hannover-tourismus.de\/wp-content\/uploads\/2025\/06\/Herrenhausen_klein-768x576.jpg 768w, https:\/\/www.hannover-tourismus.de\/wp-content\/uploads\/2025\/06\/Herrenhausen_klein-16x12.jpg 16w, https:\/\/www.hannover-tourismus.de\/wp-content\/uploads\/2025\/06\/Herrenhausen_klein.jpg 1140w\" sizes=\"(max-width: 800px) 100vw, 800px\" \/>\t\t\t\t\t\t\t\t\t\t\t\t\t\t\t<\/div>\n\t\t\t\t<\/div>\n\t\t\t\t<div class=\"elementor-element elementor-element-33ded132 elementor-widget elementor-widget-image\" data-id=\"33ded132\" data-element_type=\"widget\" data-e-type=\"widget\" data-widget_type=\"image.default\">\n\t\t\t\t<div class=\"elementor-widget-container\">\n\t\t\t\t\t\t\t\t\t\t\t\t\t\t\t<img loading=\"lazy\" decoding=\"async\" width=\"800\" height=\"540\" src=\"https:\/\/www.hannover-tourismus.de\/wp-content\/uploads\/2025\/06\/Roter-Faden-Lars-Gerhardts-16-scaled-e1640112547573.jpg\" class=\"attachment-large size-large wp-image-292\" alt=\"Skulpturer p\u00e5 offentliga platser i Hannover, konst och kultur i staden.\" srcset=\"https:\/\/www.hannover-tourismus.de\/wp-content\/uploads\/2025\/06\/Roter-Faden-Lars-Gerhardts-16-scaled-e1640112547573.jpg 960w, https:\/\/www.hannover-tourismus.de\/wp-content\/uploads\/2025\/06\/Roter-Faden-Lars-Gerhardts-16-scaled-e1640112547573-300x203.jpg 300w, https:\/\/www.hannover-tourismus.de\/wp-content\/uploads\/2025\/06\/Roter-Faden-Lars-Gerhardts-16-scaled-e1640112547573-768x518.jpg 768w, https:\/\/www.hannover-tourismus.de\/wp-content\/uploads\/2025\/06\/Roter-Faden-Lars-Gerhardts-16-scaled-e1640112547573-18x12.jpg 18w\" sizes=\"(max-width: 800px) 100vw, 800px\" \/>\t\t\t\t\t\t\t\t\t\t\t\t\t\t\t<\/div>\n\t\t\t\t<\/div>\n\t\t\t\t\t<\/div>\n\t\t\t\t<\/div>\n\t\t<div class=\"elementor-element elementor-element-5698b588 e-grid e-con-boxed e-con e-parent\" data-id=\"5698b588\" data-element_type=\"container\" data-e-type=\"container\">\n\t\t\t\t\t<div class=\"e-con-inner\">\n\t\t\t\t<div class=\"elementor-element elementor-element-46e019e elementor-cta--skin-classic elementor-animated-content elementor-bg-transform elementor-bg-transform-zoom-in elementor-widget elementor-widget-call-to-action\" data-id=\"46e019e\" data-element_type=\"widget\" data-e-type=\"widget\" data-isc-images=\"293\" data-widget_type=\"call-to-action.default\">\n\t\t\t\t<div class=\"elementor-widget-container\">\n\t\t\t\t\t\t\t<div class=\"elementor-cta\">\n\t\t\t\t\t<div class=\"elementor-cta__bg-wrapper\">\n\t\t\t\t<div class=\"elementor-cta__bg elementor-bg\" style=\"background-image: url(https:\/\/www.hannover-tourismus.de\/wp-content\/uploads\/2025\/06\/Gemini_Generated_Image_f8ushnf8ushnf8us-1024x1024.jpg);\" role=\"img\" aria-label=\"H\u00f6gar av papper p\u00e5 ett skrivbord, kontorsarbete, dokument.\"><\/div>\n\t\t\t\t<div class=\"elementor-cta__bg-overlay\"><\/div>\n\t\t\t<\/div>\n\t\t\t\t\t\t\t<div class=\"elementor-cta__content\">\n\t\t\t\t\n\t\t\t\t\t\t\t\t\t<h2 class=\"elementor-cta__title elementor-cta__content-item elementor-content-item\">\n\t\t\t\t\t\tGTC\t\t\t\t\t<\/h2>\n\t\t\t\t\n\t\t\t\t\t\t\t\t\t<div class=\"elementor-cta__description elementor-cta__content-item elementor-content-item\">\n\t\t\t\t\t\tPaketresor \t\t\t\t\t<\/div>\n\t\t\t\t\n\t\t\t\t\t\t\t\t\t<div class=\"elementor-cta__button-wrapper elementor-cta__content-item elementor-content-item\">\n\t\t\t\t\t<a class=\"elementor-cta__button elementor-button elementor-size-\" href=\"https:\/\/datenhub-hannover.de\/agb-reisepauschalprogramme_de-2\/\" target=\"_blank\" rel=\"noopener\">\n\t\t\t\t\t\tKlicka h\u00e4r\t\t\t\t\t<\/a>\n\t\t\t\t\t<\/div>\n\t\t\t\t\t\t\t<\/div>\n\t\t\t\t\t\t<\/div>\n\t\t\t\t\t\t<\/div>\n\t\t\t\t<\/div>\n\t\t\t\t<div class=\"elementor-element elementor-element-5a06c772 elementor-cta--skin-classic elementor-animated-content elementor-bg-transform elementor-bg-transform-zoom-in elementor-widget elementor-widget-call-to-action\" data-id=\"5a06c772\" data-element_type=\"widget\" data-e-type=\"widget\" data-isc-images=\"295\" data-widget_type=\"call-to-action.default\">\n\t\t\t\t<div class=\"elementor-widget-container\">\n\t\t\t\t\t\t\t<div class=\"elementor-cta\">\n\t\t\t\t\t<div class=\"elementor-cta__bg-wrapper\">\n\t\t\t\t<div class=\"elementor-cta__bg elementor-bg\" style=\"background-image: url(https:\/\/www.hannover-tourismus.de\/wp-content\/uploads\/2025\/06\/Gemini_Generated_Image_xy94gtxy94gtxy94-1024x1024.jpg);\" role=\"img\" aria-label=\"Grupp av ungdomar som promenerar genom staden i Hannover, Tyskland.\"><\/div>\n\t\t\t\t<div class=\"elementor-cta__bg-overlay\"><\/div>\n\t\t\t<\/div>\n\t\t\t\t\t\t\t<div class=\"elementor-cta__content\">\n\t\t\t\t\n\t\t\t\t\t\t\t\t\t<h2 class=\"elementor-cta__title elementor-cta__content-item elementor-content-item\">\n\t\t\t\t\t\tPaket\t\t\t\t\t<\/h2>\n\t\t\t\t\n\t\t\t\t\t\t\t\t\t<div class=\"elementor-cta__description elementor-cta__content-item elementor-content-item\">\n\t\t\t\t\t\tAllt i en \u00f6verblick\t\t\t\t\t<\/div>\n\t\t\t\t\n\t\t\t\t\t\t\t\t\t<div class=\"elementor-cta__button-wrapper elementor-cta__content-item elementor-content-item\">\n\t\t\t\t\t<a class=\"elementor-cta__button elementor-button elementor-size-\" href=\"https:\/\/www.hannover-tourismus.de\/sv\/upplevelsepaket\/\">\n\t\t\t\t\t\tKlicka h\u00e4r\t\t\t\t\t<\/a>\n\t\t\t\t\t<\/div>\n\t\t\t\t\t\t\t<\/div>\n\t\t\t\t\t\t<\/div>\n\t\t\t\t\t\t<\/div>\n\t\t\t\t<\/div>\n\t\t\t\t<div class=\"elementor-element elementor-element-5edf4339 elementor-cta--skin-classic elementor-animated-content elementor-bg-transform elementor-bg-transform-zoom-in elementor-widget elementor-widget-call-to-action\" data-id=\"5edf4339\" data-element_type=\"widget\" data-e-type=\"widget\" data-isc-images=\"297\" data-widget_type=\"call-to-action.default\">\n\t\t\t\t<div class=\"elementor-widget-container\">\n\t\t\t\t\t\t\t<div class=\"elementor-cta\">\n\t\t\t\t\t<div class=\"elementor-cta__bg-wrapper\">\n\t\t\t\t<div class=\"elementor-cta__bg elementor-bg\" style=\"background-image: url(https:\/\/www.hannover-tourismus.de\/wp-content\/uploads\/2025\/06\/Gemini_Generated_Image_61gb1261gb1261gb-1024x1024.jpg);\" role=\"img\" aria-label=\"Man i callcenter med headset, kundtj\u00e4nst, r\u00e5dgivning.\"><\/div>\n\t\t\t\t<div class=\"elementor-cta__bg-overlay\"><\/div>\n\t\t\t<\/div>\n\t\t\t\t\t\t\t<div class=\"elementor-cta__content\">\n\t\t\t\t\n\t\t\t\t\t\t\t\t\t<h2 class=\"elementor-cta__title elementor-cta__content-item elementor-content-item\">\n\t\t\t\t\t\tKontakta oss\t\t\t\t\t<\/h2>\n\t\t\t\t\n\t\t\t\t\t\t\t\t\t<div class=\"elementor-cta__description elementor-cta__content-item elementor-content-item\">\n\t\t\t\t\t\tTeam f\u00f6r stadsresa\t\t\t\t\t<\/div>\n\t\t\t\t\n\t\t\t\t\t\t\t\t\t<div class=\"elementor-cta__button-wrapper elementor-cta__content-item elementor-content-item\">\n\t\t\t\t\t<a class=\"elementor-cta__button elementor-button elementor-size-\" href=\"https:\/\/www.hannover-tourismus.de\/sv\/team-staedtereise\/\">\n\t\t\t\t\t\tKlicka h\u00e4r\t\t\t\t\t<\/a>\n\t\t\t\t\t<\/div>\n\t\t\t\t\t\t\t<\/div>\n\t\t\t\t\t\t<\/div>\n\t\t\t\t\t\t<\/div>\n\t\t\t\t<\/div>\n\t\t\t\t\t<\/div>\n\t\t\t\t<\/div>\n\t\t\t\t<\/div>","protected":false},"excerpt":{"rendered":"<p>Das \u00dcbernachtungspaket f\u00fcr die Feiertage kombiniert eine stilvolle \u00dcbernachtung, entspannte Tage und attraktive Programmpunkte in Hannover. Ideal f\u00fcr Paare und Einzelreisende, die w\u00e4hrend eines verl\u00e4ngerten Wochenendes eine bewusste Auszeit suchen. Im Rahmen des Feiertagsspecials erlebt ihr ein wechselndes Angebot aus Genuss, Kultur und Erholung. Wohlf\u00fchlunterkunft zur Feiertagszeit Im Paket enthalten sind zwei \u00dcbernachtungen in einem [&hellip;]<\/p>\n","protected":false},"author":2,"featured_media":1107,"comment_status":"open","ping_status":"open","sticky":false,"template":"","format":"standard","meta":{"footnotes":""},"categories":[16],"tags":[40],"class_list":["post-1105","post","type-post","status-publish","format-standard","has-post-thumbnail","hentry","category-erlebnispakete","tag-erlebnispaket"],"_links":{"self":[{"href":"https:\/\/www.hannover-tourismus.de\/sv\/wp-json\/wp\/v2\/posts\/1105","targetHints":{"allow":["GET"]}}],"collection":[{"href":"https:\/\/www.hannover-tourismus.de\/sv\/wp-json\/wp\/v2\/posts"}],"about":[{"href":"https:\/\/www.hannover-tourismus.de\/sv\/wp-json\/wp\/v2\/types\/post"}],"author":[{"embeddable":true,"href":"https:\/\/www.hannover-tourismus.de\/sv\/wp-json\/wp\/v2\/users\/2"}],"replies":[{"embeddable":true,"href":"https:\/\/www.hannover-tourismus.de\/sv\/wp-json\/wp\/v2\/comments?post=1105"}],"version-history":[{"count":9,"href":"https:\/\/www.hannover-tourismus.de\/sv\/wp-json\/wp\/v2\/posts\/1105\/revisions"}],"predecessor-version":[{"id":3999,"href":"https:\/\/www.hannover-tourismus.de\/sv\/wp-json\/wp\/v2\/posts\/1105\/revisions\/3999"}],"wp:featuredmedia":[{"embeddable":true,"href":"https:\/\/www.hannover-tourismus.de\/sv\/wp-json\/wp\/v2\/media\/1107"}],"wp:attachment":[{"href":"https:\/\/www.hannover-tourismus.de\/sv\/wp-json\/wp\/v2\/media?parent=1105"}],"wp:term":[{"taxonomy":"category","embeddable":true,"href":"https:\/\/www.hannover-tourismus.de\/sv\/wp-json\/wp\/v2\/categories?post=1105"},{"taxonomy":"post_tag","embeddable":true,"href":"https:\/\/www.hannover-tourismus.de\/sv\/wp-json\/wp\/v2\/tags?post=1105"}],"curies":[{"name":"wp","href":"https:\/\/api.w.org\/{rel}","templated":true}]}}