{"id":1705,"date":"2025-06-23T09:48:14","date_gmt":"2025-06-23T07:48:14","guid":{"rendered":"https:\/\/www.hannover-tourismus.de\/?p=1705"},"modified":"2026-02-03T10:02:31","modified_gmt":"2026-02-03T08:02:31","slug":"disfrute-de-la-gastronomia-sobre-dos-ruedas","status":"publish","type":"post","link":"https:\/\/www.hannover-tourismus.de\/es\/kulinarische-fahrradtour-genuss-auf-zwei-raedern\/","title":{"rendered":"Ruta culinaria en bicicleta: disfrute sobre dos ruedas"},"content":{"rendered":"<div data-elementor-type=\"wp-post\" data-elementor-id=\"1705\" class=\"elementor elementor-1705\" data-elementor-post-type=\"post\">\n\t\t\t\t<div class=\"elementor-element elementor-element-76e4ed3 e-flex e-con-boxed e-con e-parent\" data-id=\"76e4ed3\" data-element_type=\"container\" data-e-type=\"container\">\n\t\t\t\t\t<div class=\"e-con-inner\">\n\t\t\t\t<div class=\"elementor-element elementor-element-65c63845 elementor-widget elementor-widget-text-editor\" data-id=\"65c63845\" data-element_type=\"widget\" data-e-type=\"widget\" data-widget_type=\"text-editor.default\">\n\t\t\t\t<div class=\"elementor-widget-container\">\n\t\t\t\t\t\t\t\t\t<p>El Tour Culinario en Bicicleta por Hannover ofrece una acertada combinaci\u00f3n de ejercicio, experiencia urbana y sabor regional. Este recorrido especial recorre unos 15 kil\u00f3metros por el centro de Hannover y los distritos vecinos, con paradas en direcciones seleccionadas que son sin\u00f3nimo de artesan\u00eda de calidad y especialidades regionales. La idea es utilizar la bicicleta como medio de transporte para conectar diferentes paradas culinarias y aprender cosas nuevas sobre la ciudad y su diversidad gastron\u00f3mica.<\/p><p>El Culinary Bike Tour es algo m\u00e1s que una ruta ciclista con paradas. Te da una visi\u00f3n aut\u00e9ntica de la cultura culinaria regional y, al mismo tiempo, ofrece una forma relajada de explorar la ciudad.<\/p><h2 data-start=\"2336\" data-end=\"2382\">Encaminamiento, organizaci\u00f3n y participaci\u00f3n<\/h2><p data-start=\"2384\" data-end=\"2750\">El recorrido es de unos 15 kil\u00f3metros y puede completarse f\u00e1cilmente en tres o cuatro horas, dependiendo de la duraci\u00f3n de la estancia y del tama\u00f1o del grupo. La ruta es llana en su mayor parte y discurre por carriles bici y zonas de tr\u00e1fico limitado. Es adecuado para ciclistas de ocio, grupos y parejas que deseen combinar diversi\u00f3n y actividad.<\/p>\t\t\t\t\t\t\t\t<\/div>\n\t\t\t\t<\/div>\n\t\t\t\t\t<\/div>\n\t\t\t\t<\/div>\n\t\t<div class=\"elementor-element elementor-element-470773dc e-flex e-con-boxed e-con e-parent\" data-id=\"470773dc\" data-element_type=\"container\" data-e-type=\"container\">\n\t\t\t\t\t<div class=\"e-con-inner\">\n\t\t\t\t<div class=\"elementor-element elementor-element-784deb81 elementor-widget elementor-widget-html\" data-id=\"784deb81\" data-element_type=\"widget\" data-e-type=\"widget\" data-widget_type=\"html.default\">\n\t\t\t\t<div class=\"elementor-widget-container\">\n\t\t\t\t\t    <script>\n      window.TWEBSHOP = {\n        config: 'Hannover_nds',\n        theme: {\n          sticky: {\n            offset: 80,\n            zIndex: 1\n          }\n        }\n      }\n    <\/script>\n    <style>\n        #twebshop {\n             --tw-button-color: #0F5498 ;\n            --tw-button-text-color: #ffff ;\n            --tw-button-price-color: #0F5498 ;\n            --tw-button-price-text-color: #0F5498 ;\n            --tw-box-color: #0F5498 ;\n            --tw-box-text-color: #fff;\n            --tw-booking-color: #0F5498 ;\n            --tw-booking-text-color: #fff;\n        }<\/style>\n                                                                                                        <tws-experience-widget\n                        data-id=\"NDS00020140291977074\"><\/tws-experience-widget>\n                                    <script src=https:\/\/twebshop.tomas-travel.com\/app\/twebshop\/widget\/app.js><\/script>\n    \n\t\t\t\t<\/div>\n\t\t\t\t<\/div>\n\t\t\t\t\t<\/div>\n\t\t\t\t<\/div>\n\t\t<div class=\"elementor-element elementor-element-19f7e624 e-flex e-con-boxed e-con e-parent\" data-id=\"19f7e624\" data-element_type=\"container\" data-e-type=\"container\">\n\t\t\t\t\t<div class=\"e-con-inner\">\n\t\t\t\t<div class=\"elementor-element elementor-element-3699124e elementor-widget elementor-widget-text-editor\" data-id=\"3699124e\" data-element_type=\"widget\" data-e-type=\"widget\" data-widget_type=\"text-editor.default\">\n\t\t\t\t<div class=\"elementor-widget-container\">\n\t\t\t\t\t\t\t\t\t<h2 class=\"header-h2 emark standard\">Informaci\u00f3n sobre el viaje<\/h2><div class=\"table-responsive\"><table class=\"table table-bordered table-striped\"><tbody><tr><td>Fechas:<\/td><td><p class=\"emark\"><strong>Mediados de marzo - octubre<\/strong><\/p><p class=\"emark\">todos los s\u00e1bados<br \/>Cada primer y cuarto domingo de mes<br \/>cada 2\u00ba + 3er viernes de mes (abril - septiembre)<br \/>(excepto los d\u00edas festivos)<\/p><\/td><\/tr><tr><td>Comienza:<\/td><td><p class=\"emark\">Viernes: 16:30<br \/>S\u00e1bados y domingos: 11.00 h.<\/p><\/td><\/tr><tr><td>Duraci\u00f3n:<\/td><td><p class=\"emark\">aprox. 4 - 4,5 horas<\/p><\/td><\/tr><tr><td>Punto de encuentro:<\/td><td>Centro de Informaci\u00f3n Tur\u00edstica de Ernst-August-Platz<\/td><\/tr><tr><td>Los precios:<\/td><td><p class=\"emark\">46 \u20ac con bicicleta propia<br \/>56 \u20ac incl. alquiler de bicicletas<br \/>65 \u20ac incl. e-bike<\/p><\/td><\/tr><tr><td>Idioma:<\/td><td><p class=\"emark\">Alem\u00e1n<\/p><\/td><\/tr><tr><td><p class=\"emark\">Muestras de degustaci\u00f3n:<\/p><\/td><td><p class=\"emark\">en 4 estaciones seleccionadas (comida dulce y salada o bebidas)<\/p><p><u>Restricciones alimentarias<\/u>Lamentablemente, esta excursi\u00f3n no es apta para personas con intolerancias alimentarias ni para veganos.<br \/><u>Recomendaci\u00f3n<\/u>Lleva una peque\u00f1a bebida durante la visita.<\/p><\/td><\/tr><\/tbody><\/table><\/div><div class=\"table-responsive\">\u00a0<\/div>\t\t\t\t\t\t\t\t<\/div>\n\t\t\t\t<\/div>\n\t\t\t\t\t<\/div>\n\t\t\t\t<\/div>\n\t\t<div class=\"elementor-element elementor-element-33aeb29b e-flex e-con-boxed e-con e-parent\" data-id=\"33aeb29b\" data-element_type=\"container\" data-e-type=\"container\">\n\t\t\t\t\t<div class=\"e-con-inner\">\n\t\t\t\t<div class=\"elementor-element elementor-element-266ffa0f elementor-align-center elementor-widget elementor-widget-button\" data-id=\"266ffa0f\" data-element_type=\"widget\" data-e-type=\"widget\" data-widget_type=\"button.default\">\n\t\t\t\t<div class=\"elementor-widget-container\">\n\t\t\t\t\t\t\t\t\t<div class=\"elementor-button-wrapper\">\n\t\t\t\t\t<a class=\"elementor-button elementor-button-link elementor-size-sm\" href=\"https:\/\/datenhub-hannover.de\/anmeldeformular-herrenhaeuser-gaerten-1\/\" target=\"_blank\" rel=\"noopener\">\n\t\t\t\t\t\t<span class=\"elementor-button-content-wrapper\">\n\t\t\t\t\t\t\t\t\t<span class=\"elementor-button-text\">Inscripci\u00f3n y reserva<\/span>\n\t\t\t\t\t<\/span>\n\t\t\t\t\t<\/a>\n\t\t\t\t<\/div>\n\t\t\t\t\t\t\t\t<\/div>\n\t\t\t\t<\/div>\n\t\t<div class=\"elementor-element elementor-element-331f3e9c e-grid e-con-full e-con e-child\" data-id=\"331f3e9c\" data-element_type=\"container\" data-e-type=\"container\">\n\t\t\t\t<div class=\"elementor-element elementor-element-46d8fe77 elementor-widget elementor-widget-image\" data-id=\"46d8fe77\" data-element_type=\"widget\" data-e-type=\"widget\" data-widget_type=\"image.default\">\n\t\t\t\t<div class=\"elementor-widget-container\">\n\t\t\t\t\t\t\t\t\t\t\t\t\t\t\t<img fetchpriority=\"high\" decoding=\"async\" width=\"800\" height=\"519\" src=\"https:\/\/www.hannover-tourismus.de\/wp-content\/uploads\/2025\/06\/Maschsee-Lars-Gerhardts-1-1024x664.jpg\" class=\"attachment-large size-large wp-image-1107\" alt=\"Vista a\u00e9rea\" srcset=\"https:\/\/www.hannover-tourismus.de\/wp-content\/uploads\/2025\/06\/Maschsee-Lars-Gerhardts-1-1024x664.jpg 1024w, https:\/\/www.hannover-tourismus.de\/wp-content\/uploads\/2025\/06\/Maschsee-Lars-Gerhardts-1-300x195.jpg 300w, https:\/\/www.hannover-tourismus.de\/wp-content\/uploads\/2025\/06\/Maschsee-Lars-Gerhardts-1-768x498.jpg 768w, https:\/\/www.hannover-tourismus.de\/wp-content\/uploads\/2025\/06\/Maschsee-Lars-Gerhardts-1-1536x996.jpg 1536w, https:\/\/www.hannover-tourismus.de\/wp-content\/uploads\/2025\/06\/Maschsee-Lars-Gerhardts-1-18x12.jpg 18w, https:\/\/www.hannover-tourismus.de\/wp-content\/uploads\/2025\/06\/Maschsee-Lars-Gerhardts-1.jpg 1920w\" sizes=\"(max-width: 800px) 100vw, 800px\" \/>\t\t\t\t\t\t\t\t\t\t\t\t\t\t\t<\/div>\n\t\t\t\t<\/div>\n\t\t\t\t<div class=\"elementor-element elementor-element-38e3f99e elementor-widget elementor-widget-image\" data-id=\"38e3f99e\" data-element_type=\"widget\" data-e-type=\"widget\" data-widget_type=\"image.default\">\n\t\t\t\t<div class=\"elementor-widget-container\">\n\t\t\t\t\t\t\t\t\t\t\t\t\t\t\t<img decoding=\"async\" src=\"https:\/\/www.hannover-tourismus.de\/wp-content\/uploads\/2025\/06\/Hannover_Living_Rathaus-1024x688-1.jpg\" title=\"\" alt=\"\" loading=\"lazy\" \/>\t\t\t\t\t\t\t\t\t\t\t\t\t\t\t<\/div>\n\t\t\t\t<\/div>\n\t\t\t\t<div class=\"elementor-element elementor-element-7c2c4d3c elementor-widget elementor-widget-image\" data-id=\"7c2c4d3c\" data-element_type=\"widget\" data-e-type=\"widget\" data-widget_type=\"image.default\">\n\t\t\t\t<div class=\"elementor-widget-container\">\n\t\t\t\t\t\t\t\t\t\t\t\t\t\t\t<img decoding=\"async\" width=\"800\" height=\"532\" src=\"https:\/\/www.hannover-tourismus.de\/wp-content\/uploads\/2025\/06\/Radfahren-in-Hannover_Sebastian-Gerhard-24-1024x681.jpg\" class=\"attachment-large size-large wp-image-1099\" alt=\"En bicicleta por Hannover\" srcset=\"https:\/\/www.hannover-tourismus.de\/wp-content\/uploads\/2025\/06\/Radfahren-in-Hannover_Sebastian-Gerhard-24-1024x681.jpg 1024w, https:\/\/www.hannover-tourismus.de\/wp-content\/uploads\/2025\/06\/Radfahren-in-Hannover_Sebastian-Gerhard-24-300x200.jpg 300w, https:\/\/www.hannover-tourismus.de\/wp-content\/uploads\/2025\/06\/Radfahren-in-Hannover_Sebastian-Gerhard-24-768x511.jpg 768w, https:\/\/www.hannover-tourismus.de\/wp-content\/uploads\/2025\/06\/Radfahren-in-Hannover_Sebastian-Gerhard-24-1536x1022.jpg 1536w, https:\/\/www.hannover-tourismus.de\/wp-content\/uploads\/2025\/06\/Radfahren-in-Hannover_Sebastian-Gerhard-24-scaled.jpg 1920w, https:\/\/www.hannover-tourismus.de\/wp-content\/uploads\/2025\/06\/Radfahren-in-Hannover_Sebastian-Gerhard-24-18x12.jpg 18w\" sizes=\"(max-width: 800px) 100vw, 800px\" \/>\t\t\t\t\t\t\t\t\t\t\t\t\t\t\t<\/div>\n\t\t\t\t<\/div>\n\t\t\t\t<div class=\"elementor-element elementor-element-6811b1a1 elementor-widget elementor-widget-image\" data-id=\"6811b1a1\" data-element_type=\"widget\" data-e-type=\"widget\" data-widget_type=\"image.default\">\n\t\t\t\t<div class=\"elementor-widget-container\">\n\t\t\t\t\t\t\t\t\t\t\t\t\t\t\t<img decoding=\"async\" width=\"800\" height=\"593\" src=\"https:\/\/www.hannover-tourismus.de\/wp-content\/uploads\/2025\/06\/Grosser-Garten-Luft-2022_Lars-Gerhardts_kleiner-1024x759.jpg\" class=\"attachment-large size-large wp-image-35\" alt=\"El impresionante jard\u00edn barroco del Gran Jard\u00edn de Hannover, con sus parterres art\u00edsticamente dise\u00f1ados y sus.\" srcset=\"https:\/\/www.hannover-tourismus.de\/wp-content\/uploads\/2025\/06\/Grosser-Garten-Luft-2022_Lars-Gerhardts_kleiner-1024x759.jpg 1024w, https:\/\/www.hannover-tourismus.de\/wp-content\/uploads\/2025\/06\/Grosser-Garten-Luft-2022_Lars-Gerhardts_kleiner-300x222.jpg 300w, https:\/\/www.hannover-tourismus.de\/wp-content\/uploads\/2025\/06\/Grosser-Garten-Luft-2022_Lars-Gerhardts_kleiner-768x569.jpg 768w, https:\/\/www.hannover-tourismus.de\/wp-content\/uploads\/2025\/06\/Grosser-Garten-Luft-2022_Lars-Gerhardts_kleiner-1536x1139.jpg 1536w, https:\/\/www.hannover-tourismus.de\/wp-content\/uploads\/2025\/06\/Grosser-Garten-Luft-2022_Lars-Gerhardts_kleiner.jpg 1920w\" sizes=\"(max-width: 800px) 100vw, 800px\" \/>\t\t\t\t\t\t\t\t\t\t\t\t\t\t\t<\/div>\n\t\t\t\t<\/div>\n\t\t\t\t<\/div>\n\t\t\t\t\t<\/div>\n\t\t\t\t<\/div>\n\t\t<div class=\"elementor-element elementor-element-643f922c e-grid e-con-boxed e-con e-parent\" data-id=\"643f922c\" data-element_type=\"container\" data-e-type=\"container\">\n\t\t\t\t\t<div class=\"e-con-inner\">\n\t\t\t\t<div class=\"elementor-element elementor-element-49f102b2 elementor-cta--skin-classic elementor-animated-content elementor-bg-transform elementor-bg-transform-zoom-in elementor-widget elementor-widget-call-to-action\" data-id=\"49f102b2\" data-element_type=\"widget\" data-e-type=\"widget\" data-isc-images=\"293\" data-widget_type=\"call-to-action.default\">\n\t\t\t\t<div class=\"elementor-widget-container\">\n\t\t\t\t\t\t\t<div class=\"elementor-cta\">\n\t\t\t\t\t<div class=\"elementor-cta__bg-wrapper\">\n\t\t\t\t<div class=\"elementor-cta__bg elementor-bg\" style=\"background-image: url(https:\/\/www.hannover-tourismus.de\/wp-content\/uploads\/2025\/06\/Gemini_Generated_Image_f8ushnf8ushnf8us-1024x1024.jpg);\" role=\"img\" aria-label=\"Montones de papeles sobre un escritorio, trabajo de oficina, documentos.\"><\/div>\n\t\t\t\t<div class=\"elementor-cta__bg-overlay\"><\/div>\n\t\t\t<\/div>\n\t\t\t\t\t\t\t<div class=\"elementor-cta__content\">\n\t\t\t\t\n\t\t\t\t\t\t\t\t\t<h2 class=\"elementor-cta__title elementor-cta__content-item elementor-content-item\">\n\t\t\t\t\t\tGTC\t\t\t\t\t<\/h2>\n\t\t\t\t\n\t\t\t\t\t\t\t\t\t<div class=\"elementor-cta__description elementor-cta__content-item elementor-content-item\">\n\t\t\t\t\t\tVisitas guiadas\t\t\t\t\t<\/div>\n\t\t\t\t\n\t\t\t\t\t\t\t\t\t<div class=\"elementor-cta__button-wrapper elementor-cta__content-item elementor-content-item\">\n\t\t\t\t\t<a class=\"elementor-cta__button elementor-button elementor-size-\" href=\"https:\/\/datenhub-hannover.de\/agb_einzel_und_gruppenfuehrungen_abnov24\/\" target=\"_blank\" rel=\"noopener\">\n\t\t\t\t\t\tPulse aqu\u00ed\t\t\t\t\t<\/a>\n\t\t\t\t\t<\/div>\n\t\t\t\t\t\t\t<\/div>\n\t\t\t\t\t\t<\/div>\n\t\t\t\t\t\t<\/div>\n\t\t\t\t<\/div>\n\t\t\t\t<div class=\"elementor-element elementor-element-670b058e elementor-cta--skin-classic elementor-animated-content elementor-bg-transform elementor-bg-transform-zoom-in elementor-widget elementor-widget-call-to-action\" data-id=\"670b058e\" data-element_type=\"widget\" data-e-type=\"widget\" data-isc-images=\"295\" data-widget_type=\"call-to-action.default\">\n\t\t\t\t<div class=\"elementor-widget-container\">\n\t\t\t\t\t\t\t<div class=\"elementor-cta\">\n\t\t\t\t\t<div class=\"elementor-cta__bg-wrapper\">\n\t\t\t\t<div class=\"elementor-cta__bg elementor-bg\" style=\"background-image: url(https:\/\/www.hannover-tourismus.de\/wp-content\/uploads\/2025\/06\/Gemini_Generated_Image_xy94gtxy94gtxy94-1024x1024.jpg);\" role=\"img\" aria-label=\"Grupo de j\u00f3venes paseando por la ciudad de Hannover, Alemania.\"><\/div>\n\t\t\t\t<div class=\"elementor-cta__bg-overlay\"><\/div>\n\t\t\t<\/div>\n\t\t\t\t\t\t\t<div class=\"elementor-cta__content\">\n\t\t\t\t\n\t\t\t\t\t\t\t\t\t<h2 class=\"elementor-cta__title elementor-cta__content-item elementor-content-item\">\n\t\t\t\t\t\tGrupos\t\t\t\t\t<\/h2>\n\t\t\t\t\n\t\t\t\t\t\t\t\t\t<div class=\"elementor-cta__description elementor-cta__content-item elementor-content-item\">\n\t\t\t\t\t\tTodas las visitas \t\t\t\t\t<\/div>\n\t\t\t\t\n\t\t\t\t\t\t\t\t\t<div class=\"elementor-cta__button-wrapper elementor-cta__content-item elementor-content-item\">\n\t\t\t\t\t<a class=\"elementor-cta__button elementor-button elementor-size-\" href=\"https:\/\/www.hannover-tourismus.de\/es\/viajes-en-grupo\/\">\n\t\t\t\t\t\tPulse aqu\u00ed\t\t\t\t\t<\/a>\n\t\t\t\t\t<\/div>\n\t\t\t\t\t\t\t<\/div>\n\t\t\t\t\t\t<\/div>\n\t\t\t\t\t\t<\/div>\n\t\t\t\t<\/div>\n\t\t\t\t<div class=\"elementor-element elementor-element-3b6c1d84 elementor-cta--skin-classic elementor-animated-content elementor-bg-transform elementor-bg-transform-zoom-in elementor-widget elementor-widget-call-to-action\" data-id=\"3b6c1d84\" data-element_type=\"widget\" data-e-type=\"widget\" data-isc-images=\"297\" data-widget_type=\"call-to-action.default\">\n\t\t\t\t<div class=\"elementor-widget-container\">\n\t\t\t\t\t\t\t<div class=\"elementor-cta\">\n\t\t\t\t\t<div class=\"elementor-cta__bg-wrapper\">\n\t\t\t\t<div class=\"elementor-cta__bg elementor-bg\" style=\"background-image: url(https:\/\/www.hannover-tourismus.de\/wp-content\/uploads\/2025\/06\/Gemini_Generated_Image_61gb1261gb1261gb-1024x1024.jpg);\" role=\"img\" aria-label=\"Hombre en locutorio con auriculares, atenci\u00f3n al cliente, asesoramiento.\"><\/div>\n\t\t\t\t<div class=\"elementor-cta__bg-overlay\"><\/div>\n\t\t\t<\/div>\n\t\t\t\t\t\t\t<div class=\"elementor-cta__content\">\n\t\t\t\t\n\t\t\t\t\t\t\t\t\t<h2 class=\"elementor-cta__title elementor-cta__content-item elementor-content-item\">\n\t\t\t\t\t\tP\u00f3ngase en contacto con nosotros\t\t\t\t\t<\/h2>\n\t\t\t\t\n\t\t\t\t\t\t\t\t\t<div class=\"elementor-cta__description elementor-cta__content-item elementor-content-item\">\n\t\t\t\t\t\tEquipo del viaje a la ciudad\t\t\t\t\t<\/div>\n\t\t\t\t\n\t\t\t\t\t\t\t\t\t<div class=\"elementor-cta__button-wrapper elementor-cta__content-item elementor-content-item\">\n\t\t\t\t\t<a class=\"elementor-cta__button elementor-button elementor-size-\" href=\"https:\/\/www.hannover-tourismus.de\/es\/equipo-staedtereise\/\">\n\t\t\t\t\t\tPulse aqu\u00ed\t\t\t\t\t<\/a>\n\t\t\t\t\t<\/div>\n\t\t\t\t\t\t\t<\/div>\n\t\t\t\t\t\t<\/div>\n\t\t\t\t\t\t<\/div>\n\t\t\t\t<\/div>\n\t\t\t\t\t<\/div>\n\t\t\t\t<\/div>\n\t\t\t\t<\/div>","protected":false},"excerpt":{"rendered":"<p>Die Kulinarische Fahrradtour in Hannover bietet eine gelungene Verbindung aus Bewegung, Stadterlebnis und regionalem Geschmack. Auf rund 15 Kilometern f\u00fchrt Euch diese besondere Tour durch Hannovers Innenstadt und angrenzende Viertel \u2013 mit Stopps an ausgew\u00e4hlten Adressen, die f\u00fcr handwerkliche Qualit\u00e4t und regionale Spezialit\u00e4ten stehen. Die Idee dahinter: das Fahrrad als Transportmittel nutzen, um verschiedene kulinarische [&hellip;]<\/p>\n","protected":false},"author":2,"featured_media":1099,"comment_status":"open","ping_status":"open","sticky":false,"template":"","format":"standard","meta":{"footnotes":""},"categories":[87],"tags":[20,21],"class_list":["post-1705","post","type-post","status-publish","format-standard","has-post-thumbnail","hentry","category-oeffentliche-stadttouren","tag-fuehrung","tag-stadttour"],"_links":{"self":[{"href":"https:\/\/www.hannover-tourismus.de\/es\/wp-json\/wp\/v2\/posts\/1705","targetHints":{"allow":["GET"]}}],"collection":[{"href":"https:\/\/www.hannover-tourismus.de\/es\/wp-json\/wp\/v2\/posts"}],"about":[{"href":"https:\/\/www.hannover-tourismus.de\/es\/wp-json\/wp\/v2\/types\/post"}],"author":[{"embeddable":true,"href":"https:\/\/www.hannover-tourismus.de\/es\/wp-json\/wp\/v2\/users\/2"}],"replies":[{"embeddable":true,"href":"https:\/\/www.hannover-tourismus.de\/es\/wp-json\/wp\/v2\/comments?post=1705"}],"version-history":[{"count":10,"href":"https:\/\/www.hannover-tourismus.de\/es\/wp-json\/wp\/v2\/posts\/1705\/revisions"}],"predecessor-version":[{"id":5551,"href":"https:\/\/www.hannover-tourismus.de\/es\/wp-json\/wp\/v2\/posts\/1705\/revisions\/5551"}],"wp:featuredmedia":[{"embeddable":true,"href":"https:\/\/www.hannover-tourismus.de\/es\/wp-json\/wp\/v2\/media\/1099"}],"wp:attachment":[{"href":"https:\/\/www.hannover-tourismus.de\/es\/wp-json\/wp\/v2\/media?parent=1705"}],"wp:term":[{"taxonomy":"category","embeddable":true,"href":"https:\/\/www.hannover-tourismus.de\/es\/wp-json\/wp\/v2\/categories?post=1705"},{"taxonomy":"post_tag","embeddable":true,"href":"https:\/\/www.hannover-tourismus.de\/es\/wp-json\/wp\/v2\/tags?post=1705"}],"curies":[{"name":"wp","href":"https:\/\/api.w.org\/{rel}","templated":true}]}}